{"id":367,"date":"2025-11-12T13:15:36","date_gmt":"2025-11-12T12:15:36","guid":{"rendered":"https:\/\/www.ofkteplicka.sk\/?p=367"},"modified":"2025-11-12T13:15:38","modified_gmt":"2025-11-12T12:15:38","slug":"u7-u9-jesen-2025","status":"publish","type":"post","link":"https:\/\/www.ofkteplicka.sk\/?p=367","title":{"rendered":"U7, U9 \u2013 jese\u0148 2025"},"content":{"rendered":"\n<h3 class=\"wp-block-heading\"><strong>U7 \u2013 september, okt\u00f3ber<\/strong><\/h3>\n\n\n\n<p>V\u00e4\u010d\u0161ina hr\u00e1\u010dov kateg\u00f3rie <strong>U7<\/strong> za\u010dala tr\u00e9nova\u0165 spolu s <strong>U9<\/strong> u\u017e od za\u010diatku septembra, dvakr\u00e1t do t\u00fd\u017ed\u0148a.<br>Jesenn\u00e9 oblastn\u00e9 turnaje na\u0161i hr\u00e1\u010di absolvovali v\u0161etky, pri\u010dom pod\u00e1vali stabiln\u00e9 v\u00fdkony a vo v\u00e4\u010d\u0161ine turnajov dominovali.<br>Mlad\u0161\u00ed hr\u00e1\u010di patriaci do kateg\u00f3rie <strong>U7<\/strong> za\u010dali tr\u00e9nova\u0165 od okt\u00f3bra a postupne sa aklimatizovali v tr\u00e9ningovom procese.<br>Ve\u013emi n\u00e1s te\u0161\u00ed vysok\u00fd po\u010det hr\u00e1\u010dov v tejto kateg\u00f3rii \u2013 <strong>je prihl\u00e1sen\u00fdch a\u017e 47 hr\u00e1\u010dov<\/strong>, plus \u010fal\u0161\u00edch <strong>10 hr\u00e1\u010dov<\/strong>, ktor\u00ed u\u017e tr\u00e9nuj\u00fa s kateg\u00f3riou <strong>U9<\/strong>.<\/p>\n\n\n\n<hr class=\"wp-block-separator has-alpha-channel-opacity\"\/>\n\n\n\n<h3 class=\"wp-block-heading\"><strong>Turnaj kateg\u00f3rie U7 v Tepli\u010dke nad V\u00e1hom \u2013 8. 11. 2025<\/strong><\/h3>\n\n\n\n<p>D\u0148a <strong>8. novembra 2025<\/strong> sa v Tepli\u010dke nad V\u00e1hom konal futbalov\u00fd turnaj kateg\u00f3rie <strong>U7<\/strong>, organizovan\u00fd v spolupr\u00e1ci <strong>OFK Tepli\u010dka nad V\u00e1hom<\/strong> a <strong>CV\u010c Tepli\u010dka nad V\u00e1hom<\/strong>.<br>Turnaja sa z\u00fa\u010dastnilo <strong>8 t\u00edmov<\/strong>: M\u0160K \u017dilina (2 t\u00edmy), Juventus \u017dilina (2 t\u00edmy), Rado\u013ea, Var\u00edn, Neslu\u0161a a na\u0161i chlapci z <strong>OFK Tepli\u010dka nad V\u00e1hom<\/strong>.<br>Hoci sa v\u00fdsledky turnaja ofici\u00e1lne nepo\u010d\u00edtali, na\u0161i hr\u00e1\u010di vo v\u0161etk\u00fdch z\u00e1pasoch dominovali a herne sa vyrovnali aj t\u00edmom <strong>M\u0160K \u017diliny<\/strong>.<br>Ka\u017ed\u00e9 dru\u017estvo z\u00edskalo za \u00fa\u010das\u0165 <strong>poh\u00e1r<\/strong> a ka\u017ed\u00fd hr\u00e1\u010d <strong>medailu<\/strong>.<\/p>\n\n\n\n<hr class=\"wp-block-separator has-alpha-channel-opacity\"\/>\n\n\n\n<h3 class=\"wp-block-heading\"><strong>U9 \u2013 september, okt\u00f3ber<\/strong><\/h3>\n\n\n\n<p>Kateg\u00f3ria <strong>U9<\/strong> za\u010dala tr\u00e9ningov\u00fd proces za\u010diatkom septembra s celkov\u00fdm po\u010dtom <strong>43 prihl\u00e1sen\u00fdch hr\u00e1\u010dov<\/strong>. Tr\u00e9ningov sa pravidelne z\u00fa\u010dast\u0148uje <strong>minim\u00e1lne 30 hr\u00e1\u010dov<\/strong>.<br>Na\u0161i hr\u00e1\u010di kateg\u00f3rie <strong>U9<\/strong> pod\u00e1vali v\u00fdborn\u00e9 v\u00fdkony nielen na oblastn\u00fdch turnajoch, ale aj v pr\u00edpravn\u00fdch z\u00e1pasoch s t\u00edmami <strong>Juventus \u017dilina<\/strong>, <strong>FK Trnov\u00e9<\/strong> a <strong>FA United<\/strong>.<br>Z\u00e1rove\u0148 sa n\u00e1m podarilo <strong>vyhra\u0165 dom\u00e1ci turnaj koncom okt\u00f3bra<\/strong>, \u010do bolo pekn\u00fdm zav\u0155\u0161en\u00edm jesennej \u010dasti sez\u00f3ny.<\/p>\n\n\n\n<figure class=\"wp-block-image size-large\"><img fetchpriority=\"high\" decoding=\"async\" width=\"1024\" height=\"768\" src=\"https:\/\/www.ofkteplicka.sk\/wp-content\/uploads\/2025\/11\/image-3-1024x768.png\" alt=\"\" class=\"wp-image-368\" srcset=\"https:\/\/www.ofkteplicka.sk\/wp-content\/uploads\/2025\/11\/image-3-1024x768.png 1024w, https:\/\/www.ofkteplicka.sk\/wp-content\/uploads\/2025\/11\/image-3-300x225.png 300w, https:\/\/www.ofkteplicka.sk\/wp-content\/uploads\/2025\/11\/image-3-768x576.png 768w, https:\/\/www.ofkteplicka.sk\/wp-content\/uploads\/2025\/11\/image-3-1536x1152.png 1536w, https:\/\/www.ofkteplicka.sk\/wp-content\/uploads\/2025\/11\/image-3-500x375.png 500w, https:\/\/www.ofkteplicka.sk\/wp-content\/uploads\/2025\/11\/image-3-400x300.png 400w, https:\/\/www.ofkteplicka.sk\/wp-content\/uploads\/2025\/11\/image-3-32x24.png 32w, https:\/\/www.ofkteplicka.sk\/wp-content\/uploads\/2025\/11\/image-3-370x278.png 370w, https:\/\/www.ofkteplicka.sk\/wp-content\/uploads\/2025\/11\/image-3-818x614.png 818w, https:\/\/www.ofkteplicka.sk\/wp-content\/uploads\/2025\/11\/image-3-406x305.png 406w, https:\/\/www.ofkteplicka.sk\/wp-content\/uploads\/2025\/11\/image-3.png 2048w\" sizes=\"(max-width: 1024px) 100vw, 1024px\" \/><\/figure>\n\n\n\n<figure class=\"wp-block-image size-large\"><img decoding=\"async\" width=\"1024\" height=\"768\" src=\"https:\/\/www.ofkteplicka.sk\/wp-content\/uploads\/2025\/11\/image-6-1024x768.png\" alt=\"\" class=\"wp-image-371\" srcset=\"https:\/\/www.ofkteplicka.sk\/wp-content\/uploads\/2025\/11\/image-6-1024x768.png 1024w, https:\/\/www.ofkteplicka.sk\/wp-content\/uploads\/2025\/11\/image-6-300x225.png 300w, https:\/\/www.ofkteplicka.sk\/wp-content\/uploads\/2025\/11\/image-6-768x576.png 768w, https:\/\/www.ofkteplicka.sk\/wp-content\/uploads\/2025\/11\/image-6-1536x1152.png 1536w, https:\/\/www.ofkteplicka.sk\/wp-content\/uploads\/2025\/11\/image-6-500x375.png 500w, https:\/\/www.ofkteplicka.sk\/wp-content\/uploads\/2025\/11\/image-6-400x300.png 400w, https:\/\/www.ofkteplicka.sk\/wp-content\/uploads\/2025\/11\/image-6-32x24.png 32w, https:\/\/www.ofkteplicka.sk\/wp-content\/uploads\/2025\/11\/image-6-370x278.png 370w, https:\/\/www.ofkteplicka.sk\/wp-content\/uploads\/2025\/11\/image-6-818x614.png 818w, https:\/\/www.ofkteplicka.sk\/wp-content\/uploads\/2025\/11\/image-6-406x305.png 406w, https:\/\/www.ofkteplicka.sk\/wp-content\/uploads\/2025\/11\/image-6.png 2048w\" sizes=\"(max-width: 1024px) 100vw, 1024px\" \/><\/figure>\n\n\n\n<figure class=\"wp-block-image size-large\"><img decoding=\"async\" width=\"1024\" height=\"768\" src=\"https:\/\/www.ofkteplicka.sk\/wp-content\/uploads\/2025\/11\/image-5-1024x768.png\" alt=\"\" class=\"wp-image-370\" srcset=\"https:\/\/www.ofkteplicka.sk\/wp-content\/uploads\/2025\/11\/image-5-1024x768.png 1024w, https:\/\/www.ofkteplicka.sk\/wp-content\/uploads\/2025\/11\/image-5-300x225.png 300w, https:\/\/www.ofkteplicka.sk\/wp-content\/uploads\/2025\/11\/image-5-768x576.png 768w, https:\/\/www.ofkteplicka.sk\/wp-content\/uploads\/2025\/11\/image-5-1536x1152.png 1536w, https:\/\/www.ofkteplicka.sk\/wp-content\/uploads\/2025\/11\/image-5-500x375.png 500w, https:\/\/www.ofkteplicka.sk\/wp-content\/uploads\/2025\/11\/image-5-400x300.png 400w, https:\/\/www.ofkteplicka.sk\/wp-content\/uploads\/2025\/11\/image-5-32x24.png 32w, https:\/\/www.ofkteplicka.sk\/wp-content\/uploads\/2025\/11\/image-5-370x278.png 370w, https:\/\/www.ofkteplicka.sk\/wp-content\/uploads\/2025\/11\/image-5-818x614.png 818w, https:\/\/www.ofkteplicka.sk\/wp-content\/uploads\/2025\/11\/image-5-406x305.png 406w, https:\/\/www.ofkteplicka.sk\/wp-content\/uploads\/2025\/11\/image-5.png 2048w\" sizes=\"(max-width: 1024px) 100vw, 1024px\" \/><\/figure>\n\n\n\n<figure class=\"wp-block-image size-large\"><img loading=\"lazy\" decoding=\"async\" width=\"1024\" height=\"768\" src=\"https:\/\/www.ofkteplicka.sk\/wp-content\/uploads\/2025\/11\/image-4-1024x768.png\" alt=\"\" class=\"wp-image-369\" srcset=\"https:\/\/www.ofkteplicka.sk\/wp-content\/uploads\/2025\/11\/image-4-1024x768.png 1024w, https:\/\/www.ofkteplicka.sk\/wp-content\/uploads\/2025\/11\/image-4-300x225.png 300w, https:\/\/www.ofkteplicka.sk\/wp-content\/uploads\/2025\/11\/image-4-768x576.png 768w, https:\/\/www.ofkteplicka.sk\/wp-content\/uploads\/2025\/11\/image-4-1536x1152.png 1536w, https:\/\/www.ofkteplicka.sk\/wp-content\/uploads\/2025\/11\/image-4-500x375.png 500w, https:\/\/www.ofkteplicka.sk\/wp-content\/uploads\/2025\/11\/image-4-400x300.png 400w, https:\/\/www.ofkteplicka.sk\/wp-content\/uploads\/2025\/11\/image-4-32x24.png 32w, https:\/\/www.ofkteplicka.sk\/wp-content\/uploads\/2025\/11\/image-4-370x278.png 370w, https:\/\/www.ofkteplicka.sk\/wp-content\/uploads\/2025\/11\/image-4-818x614.png 818w, https:\/\/www.ofkteplicka.sk\/wp-content\/uploads\/2025\/11\/image-4-406x305.png 406w, https:\/\/www.ofkteplicka.sk\/wp-content\/uploads\/2025\/11\/image-4.png 2048w\" sizes=\"(max-width: 1024px) 100vw, 1024px\" \/><\/figure>\n","protected":false},"excerpt":{"rendered":"<p>U7 \u2013 september, okt\u00f3ber V\u00e4\u010d\u0161ina hr\u00e1\u010dov kateg\u00f3rie U7 za\u010dala tr\u00e9nova\u0165 spolu s U9 u\u017e od za\u010diatku septembra, dvakr\u00e1t do t\u00fd\u017ed\u0148a.Jesenn\u00e9 oblastn\u00e9 turnaje na\u0161i hr\u00e1\u010di absolvovali v\u0161etky, pri\u010dom pod\u00e1vali stabiln\u00e9 v\u00fdkony a vo v\u00e4\u010d\u0161ine turnajov dominovali.Mlad\u0161\u00ed hr\u00e1\u010di patriaci do kateg\u00f3rie&hellip;<\/p>\n","protected":false},"author":1,"featured_media":0,"comment_status":"closed","ping_status":"open","sticky":false,"template":"","format":"standard","meta":{"footnotes":""},"categories":[1],"tags":[],"class_list":["post-367","post","type-post","status-publish","format-standard","hentry","category-nezaradene"],"_links":{"self":[{"href":"https:\/\/www.ofkteplicka.sk\/index.php?rest_route=\/wp\/v2\/posts\/367","targetHints":{"allow":["GET"]}}],"collection":[{"href":"https:\/\/www.ofkteplicka.sk\/index.php?rest_route=\/wp\/v2\/posts"}],"about":[{"href":"https:\/\/www.ofkteplicka.sk\/index.php?rest_route=\/wp\/v2\/types\/post"}],"author":[{"embeddable":true,"href":"https:\/\/www.ofkteplicka.sk\/index.php?rest_route=\/wp\/v2\/users\/1"}],"replies":[{"embeddable":true,"href":"https:\/\/www.ofkteplicka.sk\/index.php?rest_route=%2Fwp%2Fv2%2Fcomments&post=367"}],"version-history":[{"count":1,"href":"https:\/\/www.ofkteplicka.sk\/index.php?rest_route=\/wp\/v2\/posts\/367\/revisions"}],"predecessor-version":[{"id":372,"href":"https:\/\/www.ofkteplicka.sk\/index.php?rest_route=\/wp\/v2\/posts\/367\/revisions\/372"}],"wp:attachment":[{"href":"https:\/\/www.ofkteplicka.sk\/index.php?rest_route=%2Fwp%2Fv2%2Fmedia&parent=367"}],"wp:term":[{"taxonomy":"category","embeddable":true,"href":"https:\/\/www.ofkteplicka.sk\/index.php?rest_route=%2Fwp%2Fv2%2Fcategories&post=367"},{"taxonomy":"post_tag","embeddable":true,"href":"https:\/\/www.ofkteplicka.sk\/index.php?rest_route=%2Fwp%2Fv2%2Ftags&post=367"}],"curies":[{"name":"wp","href":"https:\/\/api.w.org\/{rel}","templated":true}]}}