{"id":342,"date":"2025-10-27T10:30:05","date_gmt":"2025-10-27T09:30:05","guid":{"rendered":"https:\/\/www.ofkteplicka.sk\/?p=342"},"modified":"2025-10-27T10:30:06","modified_gmt":"2025-10-27T09:30:06","slug":"a-tim-triumfoval-41-mladez-uspesna-napriec-kategoriami","status":"publish","type":"post","link":"https:\/\/www.ofkteplicka.sk\/?p=342","title":{"rendered":"A-t\u00edm triumfoval 4:1, ml\u00e1de\u017e \u00faspe\u0161n\u00e1 naprie\u010d kateg\u00f3riami"},"content":{"rendered":"\n<p class=\"wp-block-paragraph\"><strong>OFK Tepli\u010dka nad V\u00e1hom \u2013 FC Sedem N\u00e1mestovo 4:1 (1:1)<\/strong><br><strong>G\u00f3ly:<\/strong> 43. D. Stan\u010d\u00edk, 74. J. Hlivka, 86. S. Kapusniak (11 m), 90. S. Gajdo\u0161\u00edk \u2013 42. \u013d. Thomka<br><strong>\u017dK:<\/strong> P. Gajdo\u0161\u00edk \u2013 \u013d. Thomka<br><strong>Rozhodca:<\/strong> Drah\u0148\u00e1k, 150 div\u00e1kov<\/p>\n\n\n\n<p class=\"wp-block-paragraph\">Na dom\u00e1com ihrisku sme pred vlastn\u00fdmi fan\u00fa\u0161ikmi potvrdili rast\u00facu formu a po kvalitnom v\u00fdkone sme porazili N\u00e1mestovo 4:1. Po vyrovnanom prvom pol\u010dase sme z\u00e1pas v druhej \u010dasti hry jednozna\u010dne ovl\u00e1dli.<\/p>\n\n\n\n<p class=\"wp-block-paragraph\">\u00davod duelu bol opatrn\u00fd z oboch str\u00e1n. Najv\u00e4\u010d\u0161iu \u0161ancu sme si vypracovali v 35. min\u00fate, ke\u010f <strong>Slavo Kapusniak<\/strong> obi\u0161iel brank\u00e1ra, no jeho pokus zachr\u00e1nil obranca host\u00ed. Kr\u00e1tko pred prest\u00e1vkou sa po rohu presadili hostia \u2013 <strong>Thomka<\/strong> vyu\u017eil nedorozumenie v obrane a hlavou poslal N\u00e1mestovo do vedenia.<br>Na\u0161a reakcia v\u0161ak pri\u0161la okam\u017eite. <strong>Ma\u0165o Hikan\u00edk<\/strong> poslal presn\u00fd center z pravej strany, <strong>Juro Hlivka<\/strong> posunul loptu na hranicu \u0161estn\u00e1stky a <strong>D\u00e1vid Stan\u010d\u00edk<\/strong> ju hlavou usmernil k ty\u010di \u2013 1:1.<\/p>\n\n\n\n<p class=\"wp-block-paragraph\">Po zmene str\u00e1n sa hralo najm\u00e4 na polovici host\u00ed. V 73. min\u00fate napriahol spoza \u0161estn\u00e1stky <strong><strong>Juraj<\/strong> Hlivka<\/strong>, jeho strela bola te\u010dovan\u00e1 a skon\u010dila v sieti \u2013 2:1.<br>V 86. min\u00fate bol v pokutovom \u00fazem\u00ed faulovan\u00fd <strong>Samo Gajdo\u0161\u00edk<\/strong> a penaltu s preh\u013eadom premenil <strong><strong>Slavo<\/strong> Kapusniak<\/strong> \u2013 3:1.<br>V z\u00e1vere e\u0161te pri\u0161iel r\u00fdchly brejk, Kapusniak potiahol loptu po kr\u00eddle a predlo\u017eil ju pred pr\u00e1zdnu br\u00e1nu <strong>Samovi Gajdo\u0161\u00edkovi<\/strong>, ktor\u00fd stanovil kone\u010dn\u00e9 sk\u00f3re \u2013 4:1.<\/p>\n\n\n\n<hr class=\"wp-block-separator has-alpha-channel-opacity\"\/>\n\n\n\n<h3 class=\"wp-block-heading\">\ud83d\udfe2\u26bd <strong>Ml\u00e1de\u017en\u00edcke v\u00fdsledky (12. kolo)<\/strong><\/h3>\n\n\n\n<p class=\"wp-block-paragraph\"><strong>U19 \u2013 Star\u0161\u00ed dorast<\/strong><br><strong>OFK Tepli\u010dka nad V\u00e1hom \u2013 OFK Kote\u0161ov\u00e1 5:2<\/strong> \u2705<br><strong>G\u00f3ly:<\/strong> Mint\u00e1l (2), Bug\u00e1\u0148 (1), Drnda (1), \u0160ev\u010d\u00edk (1)<\/p>\n\n\n\n<p class=\"wp-block-paragraph\"><strong>U15 \u2013 Star\u0161\u00ed \u017eiaci<\/strong><br><strong>FC Juventus \u017dilina \u2013 OFK Tepli\u010dka nad V\u00e1hom 1:2<\/strong> \u2705<br><strong>G\u00f3ly:<\/strong> Pokorn\u00fd (2)<\/p>\n\n\n\n<p class=\"wp-block-paragraph\"><strong>U13 \u2013 Mlad\u0161\u00ed \u017eiaci<\/strong><br><strong>FC Juventus \u017dilina \u2013 OFK Tepli\u010dka nad V\u00e1hom 0:3<\/strong> \u2705<br><strong>G\u00f3ly:<\/strong> Koc\u00ednec (2), Poto\u010d (1)<\/p>\n\n\n\n<figure class=\"wp-block-image size-large\"><img fetchpriority=\"high\" decoding=\"async\" width=\"1024\" height=\"771\" src=\"https:\/\/www.ofkteplicka.sk\/wp-content\/uploads\/2025\/10\/image-1024x771.png\" alt=\"\" class=\"wp-image-343\" srcset=\"https:\/\/www.ofkteplicka.sk\/wp-content\/uploads\/2025\/10\/image-1024x771.png 1024w, https:\/\/www.ofkteplicka.sk\/wp-content\/uploads\/2025\/10\/image-300x226.png 300w, https:\/\/www.ofkteplicka.sk\/wp-content\/uploads\/2025\/10\/image-768x578.png 768w, https:\/\/www.ofkteplicka.sk\/wp-content\/uploads\/2025\/10\/image-1536x1157.png 1536w, https:\/\/www.ofkteplicka.sk\/wp-content\/uploads\/2025\/10\/image-2048x1542.png 2048w, https:\/\/www.ofkteplicka.sk\/wp-content\/uploads\/2025\/10\/image-500x377.png 500w, https:\/\/www.ofkteplicka.sk\/wp-content\/uploads\/2025\/10\/image-400x301.png 400w, https:\/\/www.ofkteplicka.sk\/wp-content\/uploads\/2025\/10\/image-32x24.png 32w, https:\/\/www.ofkteplicka.sk\/wp-content\/uploads\/2025\/10\/image-370x279.png 370w, https:\/\/www.ofkteplicka.sk\/wp-content\/uploads\/2025\/10\/image-818x616.png 818w, https:\/\/www.ofkteplicka.sk\/wp-content\/uploads\/2025\/10\/image-406x306.png 406w\" sizes=\"(max-width: 1024px) 100vw, 1024px\" \/><\/figure>\n\n\n\n<figure class=\"wp-block-image size-large\"><img decoding=\"async\" width=\"1024\" height=\"771\" src=\"https:\/\/www.ofkteplicka.sk\/wp-content\/uploads\/2025\/10\/image-1-1024x771.png\" alt=\"\" class=\"wp-image-344\" srcset=\"https:\/\/www.ofkteplicka.sk\/wp-content\/uploads\/2025\/10\/image-1-1024x771.png 1024w, https:\/\/www.ofkteplicka.sk\/wp-content\/uploads\/2025\/10\/image-1-300x226.png 300w, https:\/\/www.ofkteplicka.sk\/wp-content\/uploads\/2025\/10\/image-1-768x578.png 768w, https:\/\/www.ofkteplicka.sk\/wp-content\/uploads\/2025\/10\/image-1-1536x1157.png 1536w, https:\/\/www.ofkteplicka.sk\/wp-content\/uploads\/2025\/10\/image-1-2048x1542.png 2048w, https:\/\/www.ofkteplicka.sk\/wp-content\/uploads\/2025\/10\/image-1-500x377.png 500w, https:\/\/www.ofkteplicka.sk\/wp-content\/uploads\/2025\/10\/image-1-400x301.png 400w, https:\/\/www.ofkteplicka.sk\/wp-content\/uploads\/2025\/10\/image-1-32x24.png 32w, https:\/\/www.ofkteplicka.sk\/wp-content\/uploads\/2025\/10\/image-1-370x279.png 370w, https:\/\/www.ofkteplicka.sk\/wp-content\/uploads\/2025\/10\/image-1-818x616.png 818w, https:\/\/www.ofkteplicka.sk\/wp-content\/uploads\/2025\/10\/image-1-406x306.png 406w\" sizes=\"(max-width: 1024px) 100vw, 1024px\" \/><\/figure>\n\n\n\n<hr class=\"wp-block-separator has-alpha-channel-opacity\"\/>\n\n\n\n<h3 class=\"wp-block-heading\">\ud83d\udcc5 <strong>Najbli\u017e\u0161\u00ed z\u00e1pas A-t\u00edmu<\/strong><\/h3>\n\n\n\n<p class=\"wp-block-paragraph\"><strong>Nede\u013ea 2. novembra o 13:30<\/strong><br><strong>\u0160vo\u0161ov \u2013 OFK Tepli\u010dka nad V\u00e1hom<\/strong><br>Po dom\u00e1com triumfe ideme vonku potvrdi\u0165 formu a z\u00edska\u0165 \u010fal\u0161ie body! <\/p>\n","protected":false},"excerpt":{"rendered":"<p>OFK Tepli\u010dka nad V\u00e1hom \u2013 FC Sedem N\u00e1mestovo 4:1 (1:1)G\u00f3ly: 43. D. Stan\u010d\u00edk, 74. J. Hlivka, 86. S. Kapusniak (11 m), 90. S. Gajdo\u0161\u00edk \u2013 42. \u013d. Thomka\u017dK: P. Gajdo\u0161\u00edk \u2013 \u013d. ThomkaRozhodca: Drah\u0148\u00e1k, 150 div\u00e1kov Na dom\u00e1com ihrisku&hellip;<\/p>\n","protected":false},"author":1,"featured_media":0,"comment_status":"closed","ping_status":"open","sticky":false,"template":"","format":"standard","meta":{"footnotes":""},"categories":[1],"tags":[],"class_list":["post-342","post","type-post","status-publish","format-standard","hentry","category-nezaradene"],"_links":{"self":[{"href":"https:\/\/www.ofkteplicka.sk\/index.php?rest_route=\/wp\/v2\/posts\/342","targetHints":{"allow":["GET"]}}],"collection":[{"href":"https:\/\/www.ofkteplicka.sk\/index.php?rest_route=\/wp\/v2\/posts"}],"about":[{"href":"https:\/\/www.ofkteplicka.sk\/index.php?rest_route=\/wp\/v2\/types\/post"}],"author":[{"embeddable":true,"href":"https:\/\/www.ofkteplicka.sk\/index.php?rest_route=\/wp\/v2\/users\/1"}],"replies":[{"embeddable":true,"href":"https:\/\/www.ofkteplicka.sk\/index.php?rest_route=%2Fwp%2Fv2%2Fcomments&post=342"}],"version-history":[{"count":1,"href":"https:\/\/www.ofkteplicka.sk\/index.php?rest_route=\/wp\/v2\/posts\/342\/revisions"}],"predecessor-version":[{"id":345,"href":"https:\/\/www.ofkteplicka.sk\/index.php?rest_route=\/wp\/v2\/posts\/342\/revisions\/345"}],"wp:attachment":[{"href":"https:\/\/www.ofkteplicka.sk\/index.php?rest_route=%2Fwp%2Fv2%2Fmedia&parent=342"}],"wp:term":[{"taxonomy":"category","embeddable":true,"href":"https:\/\/www.ofkteplicka.sk\/index.php?rest_route=%2Fwp%2Fv2%2Fcategories&post=342"},{"taxonomy":"post_tag","embeddable":true,"href":"https:\/\/www.ofkteplicka.sk\/index.php?rest_route=%2Fwp%2Fv2%2Ftags&post=342"}],"curies":[{"name":"wp","href":"https:\/\/api.w.org\/{rel}","templated":true}]}}