{"id":337,"date":"2025-09-30T14:12:00","date_gmt":"2025-09-30T12:12:00","guid":{"rendered":"https:\/\/www.ofkteplicka.sk\/?p=337"},"modified":"2025-09-30T14:12:01","modified_gmt":"2025-09-30T12:12:01","slug":"zavazna-poruba-vyuzila-nase-chyby-a-tim-prehral-mladez-priniesla-vitazstva","status":"publish","type":"post","link":"https:\/\/www.ofkteplicka.sk\/?p=337","title":{"rendered":"Z\u00e1va\u017en\u00e1 Poruba vyu\u017eila na\u0161e chyby, A-t\u00edm prehral \u2013 ml\u00e1de\u017e priniesla v\u00ed\u0165azstv\u00e1"},"content":{"rendered":"\n<p><strong>\u0160K Z\u00e1va\u017en\u00e1 Poruba \u2013 OFK Tepli\u010dka nad V\u00e1hom 3:1 (3:1)<\/strong><br><strong>G\u00f3ly:<\/strong> 3. Slabecius, 37. \u0160una (11 m), 40. Kondula \u2013 27. Kapusniak<br><\/p>\n\n\n\n<p>V 8. kole V. ligy Sever sme cestovali na p\u00f4du jedn\u00e9ho z favoritov s\u00fa\u0165a\u017ee \u2013 \u0160K Z\u00e1va\u017en\u00e1 Poruba. Z\u00e1pas rozhodli tri dom\u00e1ce g\u00f3ly z prv\u00e9ho pol\u010dasu, na\u0161e mu\u017estvo si s\u00edce vypracovalo \u0161ance na vyrovnanie \u010di zn\u00ed\u017eenie, no tentokr\u00e1t zostali nevyu\u017eit\u00e9.<\/p>\n\n\n\n<p>U\u017e v 3. min\u00fate inkasovala Tepli\u010dka prv\u00fd g\u00f3l \u2013 po spornom momente v strede po\u013ea sa dom\u00e1ci dostali do r\u00fdchleho brejku a <strong>Slabecius<\/strong> zakon\u010dil do odkrytej obrany \u2013 1:0.<\/p>\n\n\n\n<p>V 27. min\u00fate sa n\u00e1m podarilo vyrovna\u0165 \u2013 strelu <strong> Stan\u010d\u00edka<\/strong> jemne te\u010doval <strong>Kapusniak<\/strong> a lopta skon\u010dila v sieti \u2013 1:1.<\/p>\n\n\n\n<p>Kr\u00e1tko nato sme mali ve\u013ek\u00fa \u0161ancu na obrat, ke\u010f <strong>Hikan\u00edk<\/strong> vystihol rozohr\u00e1vku dom\u00e1cich a r\u00fatil sa na brank\u00e1ra Barto\u0161a, no ten jeho strelu vyrazil. O chv\u00ed\u013eu nesk\u00f4r poslal <strong>Hlivka<\/strong> nebezpe\u010dn\u00fd center popred br\u00e1nu, no spoluhr\u00e1\u010dom ch\u00fdbal krok k zakon\u010deniu.<\/p>\n\n\n\n<p>V 35. min\u00fate pri\u0161la penalta pre dom\u00e1cich po faule v \u0161estn\u00e1stke \u2013 <strong>\u0160una<\/strong> ju bezpe\u010dne premenil. A o \u010fal\u0161ie tri min\u00faty sme inkasovali tret\u00edkr\u00e1t \u2013 po ne\u0161\u0165astnom odkope n\u00e1\u0161ho brank\u00e1ra S\u00e1gu sa lopta dostala ku <strong>Kondulovi<\/strong>, ktor\u00fd ju poslal do pr\u00e1zdnej br\u00e1ny \u2013 3:1.<\/p>\n\n\n\n<p>Po zmene str\u00e1n sme hrali akt\u00edvne, no g\u00f3l n\u00e1m nebol dopriaty. V 67. min\u00fate mal obrovsk\u00fa \u0161ancu <strong>Hikan\u00edk<\/strong>, ktor\u00fd sa ocitol zo \u0161iestich metrov pred brank\u00e1rom, ale jeho pokus mieril priamo na Barto\u0161a.<\/p>\n\n\n\n<p>V z\u00e1vere sa e\u0161te sna\u017eil presadi\u0165 <strong>Maru\u0161\u00e1k<\/strong>, ktor\u00fd poslal pr\u00edzemn\u00fd center do p\u00e4\u0165ky, no spoluhr\u00e1\u010di nedok\u00e1zali loptu usmerni\u0165 do siete.<\/p>\n\n\n\n<p>Z\u00e1va\u017en\u00e1 Poruba tak potrestala na\u0161e chyby a zasl\u00fa\u017eene si prip\u00edsala tri body. Mus\u00edme zabra\u0165 v \u010fal\u0161om kole.<\/p>\n\n\n\n<hr class=\"wp-block-separator has-alpha-channel-opacity\"\/>\n\n\n\n<h3 class=\"wp-block-heading\">\ud83d\udfe2\u26bd <strong>Ml\u00e1de\u017en\u00edcke v\u00fdsledky (8. kolo)<\/strong><\/h3>\n\n\n\n<p><strong>U19 \u2013 Star\u0161\u00ed dorast<\/strong><br><strong>OFK Tepli\u010dka nad V\u00e1hom \u2013 TJ Horn\u00fd Hri\u010dov 4:3<\/strong> \u2705<br><strong>G\u00f3ly:<\/strong> Mint\u00e1l (2), Drnda (1), Mar\u010dulinec (1)<\/p>\n\n\n\n<p><strong>U15 \u2013 Star\u0161\u00ed \u017eiaci<\/strong><br><strong>OFK Tepli\u010dka nad V\u00e1hom \u2013 FK Rajec 9:0<\/strong> \u2705<br><strong>G\u00f3ly:<\/strong> Brath (3), Pokorn\u00fd (3), Koz\u00e1k (1), Mar\u010di\u0161 (1), Damore (1)<\/p>\n\n\n\n<p><strong>U13 \u2013 Mlad\u0161\u00ed \u017eiaci<\/strong><br><strong>OFK Tepli\u010dka nad V\u00e1hom \u2013 FK Rajec 14:1<\/strong> \u2705<br><strong>G\u00f3ly:<\/strong> Koc\u00ednec (7), Beb\u010d\u00e1k (2), Holienka (2), Poto\u010d (2), Chytil (1)<br><br><\/p>\n\n\n\n<figure class=\"wp-block-image size-large\"><img fetchpriority=\"high\" decoding=\"async\" width=\"1024\" height=\"584\" src=\"https:\/\/www.ofkteplicka.sk\/wp-content\/uploads\/2025\/09\/image-7-1024x584.png\" alt=\"\" class=\"wp-image-338\" srcset=\"https:\/\/www.ofkteplicka.sk\/wp-content\/uploads\/2025\/09\/image-7-1024x584.png 1024w, https:\/\/www.ofkteplicka.sk\/wp-content\/uploads\/2025\/09\/image-7-300x171.png 300w, https:\/\/www.ofkteplicka.sk\/wp-content\/uploads\/2025\/09\/image-7-768x438.png 768w, https:\/\/www.ofkteplicka.sk\/wp-content\/uploads\/2025\/09\/image-7-1536x876.png 1536w, https:\/\/www.ofkteplicka.sk\/wp-content\/uploads\/2025\/09\/image-7-2048x1168.png 2048w, https:\/\/www.ofkteplicka.sk\/wp-content\/uploads\/2025\/09\/image-7-500x285.png 500w, https:\/\/www.ofkteplicka.sk\/wp-content\/uploads\/2025\/09\/image-7-400x228.png 400w, https:\/\/www.ofkteplicka.sk\/wp-content\/uploads\/2025\/09\/image-7-32x18.png 32w, https:\/\/www.ofkteplicka.sk\/wp-content\/uploads\/2025\/09\/image-7-370x211.png 370w, https:\/\/www.ofkteplicka.sk\/wp-content\/uploads\/2025\/09\/image-7-818x467.png 818w, https:\/\/www.ofkteplicka.sk\/wp-content\/uploads\/2025\/09\/image-7-406x232.png 406w\" sizes=\"(max-width: 1024px) 100vw, 1024px\" \/><\/figure>\n\n\n\n<hr class=\"wp-block-separator has-alpha-channel-opacity\"\/>\n\n\n\n<h3 class=\"wp-block-heading\">\ud83d\udcc5 <strong>Najbli\u017e\u0161ie z\u00e1pasy<\/strong><\/h3>\n\n\n\n<p>Nede\u013ea 5. okt\u00f3bra o 14:30<br><strong>OFK Tepli\u010dka nad V\u00e1hom \u2013 FK Tatran Turzovka<\/strong><\/p>\n\n\n\n<p><strong>U19<\/strong><br>Nede\u013ea 5. okt\u00f3bra o 12:00<br><strong>TJ Vi\u0161\u0148ov\u00e9 \u2013 OFK Tepli\u010dka nad V\u00e1hom<\/strong><\/p>\n\n\n\n<p><strong>U15 \u2013 Star\u0161\u00ed \u017eiaci<\/strong><br>Sobota 4. okt\u00f3bra o 10:00<br><strong>FA UNITED Nededza \u2013 Kotr\u010din\u00e1 L\u00fa\u010dka \u2013 Gbe\u013eany \u2013 OFK Tepli\u010dka nad V\u00e1hom<\/strong><\/p>\n\n\n\n<p><strong>U13 \u2013 Mlad\u0161\u00ed \u017eiaci<\/strong><br>Sobota 4. okt\u00f3bra o 11:45<br><strong>FA UNITED Nededza \u2013 Kotr\u010din\u00e1 L\u00fa\u010dka \u2013 Gbe\u013eany \u2013 OFK Tepli\u010dka nad V\u00e1hom<\/strong><\/p>\n","protected":false},"excerpt":{"rendered":"<p>\u0160K Z\u00e1va\u017en\u00e1 Poruba \u2013 OFK Tepli\u010dka nad V\u00e1hom 3:1 (3:1)G\u00f3ly: 3. Slabecius, 37. \u0160una (11 m), 40. Kondula \u2013 27. Kapusniak V 8. kole V. ligy Sever sme cestovali na p\u00f4du jedn\u00e9ho z favoritov s\u00fa\u0165a\u017ee \u2013 \u0160K Z\u00e1va\u017en\u00e1 Poruba.&hellip;<\/p>\n","protected":false},"author":1,"featured_media":0,"comment_status":"closed","ping_status":"open","sticky":false,"template":"","format":"standard","meta":{"footnotes":""},"categories":[1],"tags":[],"class_list":["post-337","post","type-post","status-publish","format-standard","hentry","category-nezaradene"],"_links":{"self":[{"href":"https:\/\/www.ofkteplicka.sk\/index.php?rest_route=\/wp\/v2\/posts\/337","targetHints":{"allow":["GET"]}}],"collection":[{"href":"https:\/\/www.ofkteplicka.sk\/index.php?rest_route=\/wp\/v2\/posts"}],"about":[{"href":"https:\/\/www.ofkteplicka.sk\/index.php?rest_route=\/wp\/v2\/types\/post"}],"author":[{"embeddable":true,"href":"https:\/\/www.ofkteplicka.sk\/index.php?rest_route=\/wp\/v2\/users\/1"}],"replies":[{"embeddable":true,"href":"https:\/\/www.ofkteplicka.sk\/index.php?rest_route=%2Fwp%2Fv2%2Fcomments&post=337"}],"version-history":[{"count":1,"href":"https:\/\/www.ofkteplicka.sk\/index.php?rest_route=\/wp\/v2\/posts\/337\/revisions"}],"predecessor-version":[{"id":339,"href":"https:\/\/www.ofkteplicka.sk\/index.php?rest_route=\/wp\/v2\/posts\/337\/revisions\/339"}],"wp:attachment":[{"href":"https:\/\/www.ofkteplicka.sk\/index.php?rest_route=%2Fwp%2Fv2%2Fmedia&parent=337"}],"wp:term":[{"taxonomy":"category","embeddable":true,"href":"https:\/\/www.ofkteplicka.sk\/index.php?rest_route=%2Fwp%2Fv2%2Fcategories&post=337"},{"taxonomy":"post_tag","embeddable":true,"href":"https:\/\/www.ofkteplicka.sk\/index.php?rest_route=%2Fwp%2Fv2%2Ftags&post=337"}],"curies":[{"name":"wp","href":"https:\/\/api.w.org\/{rel}","templated":true}]}}