{"id":113,"date":"2024-05-29T13:18:09","date_gmt":"2024-05-29T11:18:09","guid":{"rendered":"https:\/\/www.ofkteplicka.sk\/?p=113"},"modified":"2024-05-29T13:18:10","modified_gmt":"2024-05-29T11:18:10","slug":"vysledky-nasich-mladeznickych-kategorii-25-05-2024","status":"publish","type":"post","link":"https:\/\/www.ofkteplicka.sk\/?p=113","title":{"rendered":"V\u00fdsledky na\u0161ich ml\u00e1de\u017en\u00edckych kateg\u00f3ri\u00ed (25.05.2024)"},"content":{"rendered":"\n<h4 class=\"wp-block-heading\">V. liga dorast U19 &#8211; V. Sportika liga U19 sk. A &#8211; 23. kolo<\/h4>\n\n\n\n<p><strong>FK Polom Rakov\u00e1 &#8211; OFK Tepli\u010dka nad V\u00e1hom 7 &#8211; 1<\/strong><\/p>\n\n\n\n<ul class=\"wp-block-list\">\n<li>V tomto z\u00e1pase sme bohu\u017eia\u013e inkasovali 6 g\u00f3lov u\u017e v prvom pol\u010dase.<\/li>\n\n\n\n<li>N\u00e1\u0161 jedin\u00fd g\u00f3l strelil v 72. min\u00fate Andrej Mint\u00e1l, ktor\u00fd zni\u017eoval na 7-1.<\/li>\n<\/ul>\n\n\n\n<p><\/p>\n\n\n\n<p><\/p>\n\n\n\n<h4 class=\"wp-block-heading\">III. liga S\u017d U15 &#8211; III. liga U15 &#8211; 23. kolo<\/h4>\n\n\n\n<p><strong>FK Polom Rakov\u00e1 &#8211; OFK Tepli\u010dka nad V\u00e1hom 3 &#8211; 4<\/strong><\/p>\n\n\n\n<ul class=\"wp-block-list\">\n<li>Na\u0161e g\u00f3ly:\n<ul class=\"wp-block-list\">\n<li>15&#8242; Marko Mar\u010di\u0161<\/li>\n\n\n\n<li>18&#8242; \u0160imon Chreno<\/li>\n\n\n\n<li>41&#8242; Jakub Va\u017ean<\/li>\n\n\n\n<li>65&#8242; Radovan Tanu\u0161ka<\/li>\n<\/ul>\n<\/li>\n<\/ul>\n\n\n\n<p><\/p>\n\n\n\n<p><\/p>\n\n\n\n<h4 class=\"wp-block-heading\">III. liga M\u017d U13 &#8211; III. liga U13 &#8211; 23. kolo<\/h4>\n\n\n\n<p><strong>FK Polom Rakov\u00e1 &#8211; OFK Tepli\u010dka nad V\u00e1hom 1 &#8211; 2<\/strong><\/p>\n\n\n\n<ul class=\"wp-block-list\">\n<li>Na\u0161e g\u00f3ly:\n<ul class=\"wp-block-list\">\n<li>10&#8242; Jakub Pavl\u00e1sek<\/li>\n\n\n\n<li>30&#8242; Adam Pe\u0165ko<\/li>\n<\/ul>\n<\/li>\n<\/ul>\n\n\n\n<p><\/p>\n\n\n\n<p><\/p>\n\n\n\n<h4 class=\"wp-block-heading\">U11, U9 a U7<\/h4>\n\n\n\n<ul class=\"wp-block-list\">\n<li>Tieto kateg\u00f3rie odohrali turnaj v Stranav\u00e1ch.<\/li>\n<\/ul>\n","protected":false},"excerpt":{"rendered":"<p>V. liga dorast U19 &#8211; V. Sportika liga U19 sk. A &#8211; 23. kolo FK Polom Rakov\u00e1 &#8211; OFK Tepli\u010dka nad V\u00e1hom 7 &#8211; 1 III. liga S\u017d U15 &#8211; III. liga U15 &#8211; 23. kolo FK Polom Rakov\u00e1&hellip;<\/p>\n","protected":false},"author":1,"featured_media":0,"comment_status":"closed","ping_status":"open","sticky":false,"template":"","format":"standard","meta":{"footnotes":""},"categories":[27],"tags":[],"class_list":["post-113","post","type-post","status-publish","format-standard","hentry","category-mladez"],"_links":{"self":[{"href":"https:\/\/www.ofkteplicka.sk\/index.php?rest_route=\/wp\/v2\/posts\/113","targetHints":{"allow":["GET"]}}],"collection":[{"href":"https:\/\/www.ofkteplicka.sk\/index.php?rest_route=\/wp\/v2\/posts"}],"about":[{"href":"https:\/\/www.ofkteplicka.sk\/index.php?rest_route=\/wp\/v2\/types\/post"}],"author":[{"embeddable":true,"href":"https:\/\/www.ofkteplicka.sk\/index.php?rest_route=\/wp\/v2\/users\/1"}],"replies":[{"embeddable":true,"href":"https:\/\/www.ofkteplicka.sk\/index.php?rest_route=%2Fwp%2Fv2%2Fcomments&post=113"}],"version-history":[{"count":2,"href":"https:\/\/www.ofkteplicka.sk\/index.php?rest_route=\/wp\/v2\/posts\/113\/revisions"}],"predecessor-version":[{"id":115,"href":"https:\/\/www.ofkteplicka.sk\/index.php?rest_route=\/wp\/v2\/posts\/113\/revisions\/115"}],"wp:attachment":[{"href":"https:\/\/www.ofkteplicka.sk\/index.php?rest_route=%2Fwp%2Fv2%2Fmedia&parent=113"}],"wp:term":[{"taxonomy":"category","embeddable":true,"href":"https:\/\/www.ofkteplicka.sk\/index.php?rest_route=%2Fwp%2Fv2%2Fcategories&post=113"},{"taxonomy":"post_tag","embeddable":true,"href":"https:\/\/www.ofkteplicka.sk\/index.php?rest_route=%2Fwp%2Fv2%2Ftags&post=113"}],"curies":[{"name":"wp","href":"https:\/\/api.w.org\/{rel}","templated":true}]}}